{"provider_url": "https://www.guaira.pr.leg.br", "title": "EST\u00c1 CHEGANDO A 47\u00aa FESTA DAS NA\u00c7\u00d5ES!", "html": "<p><span>Gua\u00edra se prepara para receber a 47\u00aa Festa das Na\u00e7\u00f5es, que acontece de 30 de abril a 3 de maio no Centro N\u00e1utico e Recreativo Marinas. Com entrada gratuita em todos os dias, o evento reunir\u00e1 o p\u00fablico da regi\u00e3o em torno de uma extensa programa\u00e7\u00e3o: gastronomia t\u00edpica, shows musicais, parque de divers\u00e3o e exposi\u00e7\u00e3o dos setores industrial e comercial.</span></p>\r\n<p>A agenda de shows deste ano movimentar\u00e1 as noites guairenses. Na quinta-feira (30/04), Edson e Hudson se apresentam \u00e0s 23h. Sexta-feira (01/05) \u00e9 a vez de Mayck e Lyan, a partir das 23h. No s\u00e1bado (02/05), Danilo e Davi cantam a partir das 23h. Para fechar, no domingo (03/05), Zez\u00e9 di Camargo e Luciano se apresentam as 21h30.</p>\r\n<p>Outro momento bastante aguardado \u00e9 o Show de Pr\u00eamios, que neste ano sortear\u00e1 R$100 mil. A premia\u00e7\u00e3o acontecer\u00e1 na tarde de domingo (03) e se divide em R$40 mil para o primeiro pr\u00eamio, R$20 mil para o segundo, R$10 mil para o terceiro, R$10 mil para o quarto, R$10 mil para o quinto e R$10 mil exclusivos para quem estiver presente no sorteio. Para concorrer, basta adquirir o cupom e realizar o cadastro no site\u00a0<a href=\"https://www.festadasnacoesguairapr.com.br/\" target=\"_blank\">www.festadasnacoesguairapr.com.br</a>.</p>\r\n<p>Criada em 1977 com a miss\u00e3o inicial de auxiliar o Lar S\u00e3o Francisco de Assis, a festa ampliou seu alcance ao longo das d\u00e9cadas e hoje destina seus recursos a sete entidades assistenciais do munic\u00edpio. A C\u00e2mara Municipal de Gua\u00edra protagonizou esse compromisso social por meio da Lei n\u00ba 1380, que oficializa a celebra\u00e7\u00e3o como um evento anual de car\u00e1ter beneficente, unindo a valoriza\u00e7\u00e3o da pluralidade cultural ao suporte financeiro das institui\u00e7\u00f5es locais.</p>\r\n<p>Atualmente, s\u00e3o contemplados: Lar S\u00e3o Francisco, Lar S\u00e3o Jos\u00e9 (asilo), Associa\u00e7\u00e3o Assistencial de Gua\u00edra (Hospital Beneficente Assiste Gua\u00edra), Escola M\u00e1rio Luiz (Pestalozzi), Casa da Sopa, Pastoral da Crian\u00e7a da Par\u00f3quia Nossa Senhora Aparecida, Associa\u00e7\u00e3o Guairense de Pessoas com Defici\u00eancia Vida Nova e Associa\u00e7\u00e3o de Prote\u00e7\u00e3o \u00e0 Maternidade e Inf\u00e2ncia (APMI).</p>\r\n<p>O cora\u00e7\u00e3o da Festa das Na\u00e7\u00f5es est\u00e1 na celebra\u00e7\u00e3o das origens que formaram a identidade guairense. Desde 1990 sediada no Centro N\u00e1utico e Recreativo Marinas, a festa destaca manifesta\u00e7\u00f5es folcl\u00f3ricas, dan\u00e7as t\u00edpicas e os sabores aut\u00eanticos de sete col\u00f4nias: brasileira, alem\u00e3, italiana, portuguesa, paraguaia, japonesa e \u00e1rabe.</p>\r\n<p>Considerado o maior evento filantr\u00f3pico do Paran\u00e1, a Festa das Na\u00e7\u00f5es j\u00e1 conquistou proje\u00e7\u00e3o internacional e se consolidou como um atrativo tur\u00edstico de destaque. Toda a arrecada\u00e7\u00e3o \u2014 de patroc\u00ednios, cupons e demais receitas \u2014 \u00e9 integralmente revertida \u00e0s entidades beneficiadas. Coordenada por uma Comiss\u00e3o Central e impulsionada pelo trabalho volunt\u00e1rio de dezenas de pessoas, a festa vai al\u00e9m do entretenimento: fortalece v\u00ednculos comunit\u00e1rios, preserva tradi\u00e7\u00f5es e impulsiona o turismo regional, atraindo visitantes de v\u00e1rias cidades do Paran\u00e1, Mato Grosso do Sul e Paraguai.</p>\r\n<p><em>Assessoria de Imprensa CMG</em></p>", "author_name": "", "version": "1.0", "author_url": "https://www.guaira.pr.leg.br/author/Maicon", "provider_name": "C\u00e2mara Municipal de Gua\u00edra", "type": "rich"}