{"provider_url": "https://www.guaira.pr.leg.br", "title": "PAUTA DA 12\u00aa SESS\u00c3O ORDIN\u00c1RIA", "html": "<p><span>Na segunda-feira (04), a C\u00e2mara realizar\u00e1 a 12\u00aa Sess\u00e3o Ordin\u00e1ria de 2026, as 17h, no Plen\u00e1rio Roberto Zeballos Rolon. A popula\u00e7\u00e3o \u00e9 convidada a participar presencialmente, ou remotamente, pelos canais no Facebook e Youtube. Confira a pauta:</span></p>\r\n<p><strong>Mat\u00e9rias do Expediente</strong></p>\r\n<p>Projeto de Lei n\u00ba 30 \u2013 Karina Bach \u2013 Altera a Lei Municipal n\u00ba 2.163, de 15 de mar\u00e7o de 2021.<br /> Saiba mais: <a href=\"https://sapl.guaira.pr.leg.br/materia/2505\">https://sapl.guaira.pr.leg.br/materia/2505</a></p>\r\n<p>Of\u00edcio n\u00ba 183 \u2013 Poder Executivo: Encaminha c\u00f3pia da Lei Municipal n\u00ba 2.472/2026.<br /> Saiba mais: <a href=\"https://sapl.guaira.pr.leg.br/materia/2508\">https://sapl.guaira.pr.leg.br/materia/2508</a></p>\r\n<p>Of\u00edcio n\u00ba 190 \u2013 Poder Executivo: Encaminha c\u00f3pia das Leis Municipais n\u00ba 2.473/2026, 2.474/2026 e 2.475/2026.<br /> Saiba mais: <a href=\"https://sapl.guaira.pr.leg.br/materia/2509\">https://sapl.guaira.pr.leg.br/materia/2509</a></p>\r\n<p>Of\u00edcio n\u00ba 301 \u2013 C\u00e2mara dos Deputados: Informa o empenho de emenda parlamentar ao OGU/2026.<br /> Saiba mais: <a href=\"https://sapl.guaira.pr.leg.br/materia/2510\">https://sapl.guaira.pr.leg.br/materia/2510</a></p>\r\n<p>Indica\u00e7\u00e3o n\u00ba 71 \u2013 Cristiane Giangarelli: Indica reforma e amplia\u00e7\u00e3o da Capela Mortu\u00e1ria Municipal.</p>\r\n<p>Indica\u00e7\u00e3o n\u00ba 72 \u2013 Gilmar Soares da Fonseca: Indica a implanta\u00e7\u00e3o de sistemas de energia solar fotovoltaica em todos os pr\u00e9dios p\u00fablicos do munic\u00edpio.</p>\r\n<p>Indica\u00e7\u00e3o n\u00ba 73 \u2013 Jo\u00e3o Carlos Hartekoff: Indica a denomina\u00e7\u00e3o de via, no Bairro Floren\u00e7a, preferencialmente a Rua B, com o nome de \"Jo\u00e3o Serafim da Concei\u00e7\u00e3o\".</p>\r\n<p><strong>Mat\u00e9rias da Ordem do Dia</strong></p>\r\n<p>\u00danica discuss\u00e3o e vota\u00e7\u00e3o do Parecer n\u00ba 24 \u2013 Comiss\u00e3o de Constitui\u00e7\u00e3o, Legisla\u00e7\u00e3o e Justi\u00e7a: Pela rejei\u00e7\u00e3o do Projeto de Lei n\u00ba 029/2025, que cria o Programa Sementes do Amanh\u00e3.<br /> Saiba mais: <a href=\"https://sapl.guaira.pr.leg.br/materia/2506\">https://sapl.guaira.pr.leg.br/materia/2506</a></p>\r\n<p>A \u00edntegra dos projetos, indica\u00e7\u00f5es e requerimentos est\u00e1 dispon\u00edvel no Sistema de Apoio ao Processo Legislativo (SAPL) Gua\u00edra <a href=\"https://sapl.guaira.pr.leg.br/?fbclid=IwZXh0bgNhZW0CMTAAYnJpZBExYnp6aFdId0l2azg0Q0VUMXNydGMGYXBwX2lkEDIyMjAzOTE3ODgyMDA4OTIAAR6GLu2ERnkF3UDSyvCjfoYYncj_zSNSEYb3FosPzl3YLU7sRIRPVk4rCWl_tA_aem_QD5rhcv6MjyjHDGeLxncmQ\" target=\"_blank\">https://sapl.guaira.pr.leg.br/</a></p>\r\n<p>Participe do grupo de Whatsapp e fique por dentro das not\u00edcias do Poder Legislativo Guairense: <a href=\"https://chat.whatsapp.com/K7ujj6JkbutBO3JwUKQWQC?fbclid=IwZXh0bgNhZW0CMTAAYnJpZBExYnp6aFdId0l2azg0Q0VUMXNydGMGYXBwX2lkEDIyMjAzOTE3ODgyMDA4OTIAAR4182sGnsnvLF85XgtWNJu7wMQbuqNFEt2i8pLAD8e1X0POq0hiW3faT8c3Cg_aem_kI960ncj_uFjmVJTNViL1w\" target=\"_blank\">https://chat.whatsapp.com/K7ujj6JkbutBO3JwUKQWQC</a></p>\r\n<p><em>Assessoria de Imprensa CMG</em></p>", "author_name": "", "version": "1.0", "author_url": "https://www.guaira.pr.leg.br/author/Maicon", "provider_name": "C\u00e2mara Municipal de Gua\u00edra", "type": "rich"}